{"id":3397,"date":"2024-12-10T16:24:43","date_gmt":"2024-12-10T19:24:43","guid":{"rendered":"https:\/\/dielenergia.com\/?p=3397"},"modified":"2024-12-13T09:21:21","modified_gmt":"2024-12-13T12:21:21","slug":"qualidade-do-ar-interno","status":"publish","type":"post","link":"https:\/\/dielenergia.com\/en\/qualidade-do-ar-interno\/","title":{"rendered":"Qualidade do ar interno: Import\u00e2ncia, legisla\u00e7\u00e3o e como a Diel pode ajudar"},"content":{"rendered":"<p>A qualidade do ar interno \u00e9 um tema essencial para empresas que desejam garantir a sa\u00fade e o bem-estar de seus colaboradores e clientes. Uma m\u00e1 gest\u00e3o da qualidade do ar pode causar problemas de sa\u00fade, como a <em>S\u00edndrome do Edif\u00edcio Doente<\/em> (SED), al\u00e9m de impactar a produtividade e aumentar os custos operacionais. Neste artigo, exploramos a import\u00e2ncia da qualidade do ar, as normas brasileiras e como as solu\u00e7\u00f5es da Diel ajudam sua empresa a alcan\u00e7ar efici\u00eancia e conformidade legal.<\/p>\n\n\n\n<h3 class=\"wp-block-heading\"><strong>O que \u00e9 qualidade do ar interno e por que ela \u00e9 importante?<\/strong><\/h3>\n\n\n\n<p>A qualidade do ar interno refere-se \u00e0 composi\u00e7\u00e3o do ar em ambientes fechados, incluindo n\u00edveis de di\u00f3xido de carbono (CO\u2082), part\u00edculas, bact\u00e9rias e fungos. Ambientes com baixa qualidade do ar podem provocar a <em>S\u00edndrome do Edif\u00edcio Doente<\/em> (SED), condi\u00e7\u00e3o reconhecida pela Organiza\u00e7\u00e3o Mundial da Sa\u00fade (OMS).<\/p>\n\n\n\n<p>Os principais sintomas da SED incluem:<\/p>\n\n\n\n<ul class=\"wp-block-list\">\n<li>Dores de cabe\u00e7a;<\/li>\n\n\n\n<li>Fadiga;<\/li>\n\n\n\n<li>Irrita\u00e7\u00f5es respirat\u00f3rias e alergias.<\/li>\n<\/ul>\n\n\n\n<p>Esses problemas afetam diretamente a sa\u00fade e a produtividade de quem frequenta esses espa\u00e7os. Al\u00e9m disso, clientes em ambientes comerciais mal climatizados podem ter uma experi\u00eancia negativa, impactando a percep\u00e7\u00e3o da marca.<\/p>\n\n\n\n<h3 class=\"wp-block-heading\"><strong>Legisla\u00e7\u00e3o brasileira sobre qualidade do ar interno<\/strong><\/h3>\n\n\n\n<p>A qualidade do ar em ambientes climatizados \u00e9 regulamentada no Brasil pela <strong>Resolu\u00e7\u00e3o n\u00ba 9 da Anvisa<\/strong> e pela <strong>Portaria n\u00ba 3.523\/1998 do Minist\u00e9rio da Sa\u00fade<\/strong>. Essas normas estabelecem padr\u00f5es que visam a prote\u00e7\u00e3o da sa\u00fade p\u00fablica.<\/p>\n\n\n\n<p>Entre os principais pontos da legisla\u00e7\u00e3o, destacam-se:<\/p>\n\n\n\n<ol class=\"wp-block-list\">\n<li><strong>Manuten\u00e7\u00e3o obrigat\u00f3ria de sistemas de climatiza\u00e7\u00e3o:<\/strong> \u00c9 necess\u00e1rio limpar e inspecionar dutos, filtros e equipamentos regularmente.<\/li>\n\n\n\n<li><strong>Renova\u00e7\u00e3o do ar:<\/strong> Sistemas devem garantir a entrada de ar externo, evitando a concentra\u00e7\u00e3o de contaminantes.<\/li>\n\n\n\n<li><strong>Monitoramento da qualidade do ar:<\/strong> Par\u00e2metros como CO\u2082 e part\u00edculas em suspens\u00e3o devem ser acompanhados para garantir n\u00edveis aceit\u00e1veis.<\/li>\n<\/ol>\n\n\n\n<p>Empresas que n\u00e3o cumprem essas normas podem enfrentar multas, problemas legais e preju\u00edzos \u00e0 reputa\u00e7\u00e3o.<\/p>\n\n\n\n<h3 class=\"wp-block-heading\"><strong>Como a Diel pode ajudar na qualidade do ar interno<\/strong><\/h3>\n\n\n\n<p>A Diel oferece solu\u00e7\u00f5es inovadoras para melhorar a qualidade do ar em ambientes comerciais, indo al\u00e9m do b\u00e1sico. Nosso objetivo \u00e9 proporcionar efici\u00eancia operacional, bem-estar e conformidade legal.<\/p>\n\n\n\n<h4 class=\"wp-block-heading\"><strong>Principais funcionalidades das solu\u00e7\u00f5es da Diel:<\/strong><\/h4>\n\n\n\n<ol class=\"wp-block-list\">\n<li><strong>Monitoramento em tempo real:<\/strong><br>Com dispositivos de IoT integrados \u00e0 plataforma Celsius, monitoramos continuamente a qualidade do ar, garantindo que par\u00e2metros como CO\u2082 estejam dentro dos limites adequados.<\/li>\n\n\n\n<li><strong>Manuten\u00e7\u00e3o preditiva:<\/strong><br>Identificamos problemas nos sistemas de climatiza\u00e7\u00e3o antes que se tornem cr\u00edticos, permitindo a\u00e7\u00f5es r\u00e1pidas e precisas.<\/li>\n\n\n\n<li><strong>Automa\u00e7\u00e3o inteligente:<\/strong><br>Controlamos a renova\u00e7\u00e3o de ar e a climatiza\u00e7\u00e3o de forma autom\u00e1tica, otimizando o desempenho e reduzindo custos com energia el\u00e9trica.<\/li>\n\n\n\n<li><strong>Relat\u00f3rios detalhados:<\/strong><br>Nossos relat\u00f3rios atendem \u00e0s exig\u00eancias legais e ajudam sua empresa a evitar multas e a demonstrar conformidade durante auditorias.<\/li>\n<\/ol>\n\n\n\n<h3 class=\"wp-block-heading\"><strong>Benef\u00edcios de investir na qualidade do ar interno com a Diel<\/strong><\/h3>\n\n\n\n<p>Ao implementar as solu\u00e7\u00f5es da Diel, sua empresa ter\u00e1:<\/p>\n\n\n\n<ul class=\"wp-block-list\">\n<li><strong>Ambientes mais saud\u00e1veis:<\/strong> Melhor qualidade do ar reduz problemas respirat\u00f3rios e aumenta a satisfa\u00e7\u00e3o de clientes e colaboradores.<\/li>\n\n\n\n<li><strong>Economia de custos:<\/strong> Menor consumo de energia e preven\u00e7\u00e3o de falhas evitam despesas desnecess\u00e1rias.<\/li>\n\n\n\n<li><strong>Conformidade legal garantida:<\/strong> Atenda \u00e0s normas da Anvisa e do Minist\u00e9rio da Sa\u00fade sem preocupa\u00e7\u00f5es.<\/li>\n\n\n\n<li><strong>Sustentabilidade:<\/strong> Reduza a pegada de carbono com sistemas de climatiza\u00e7\u00e3o mais eficientes.<\/li>\n\n\n\n<li><\/li>\n<\/ul>\n\n\n\n<p>Garantir a qualidade do ar interno \u00e9 fundamental para empresas que valorizam a sa\u00fade, a produtividade e a experi\u00eancia dos ocupantes. Com as solu\u00e7\u00f5es inteligentes da Diel, sua empresa pode transformar desafios em oportunidades de crescimento sustent\u00e1vel.<\/p>\n\n\n\n<p><strong>Invista na qualidade do ar interno com a Diel e colha benef\u00edcios em sa\u00fade, efici\u00eancia e sustentabilidade.<\/strong><\/p>","protected":false},"excerpt":{"rendered":"<p>A qualidade do ar interno impacta diretamente a sa\u00fade, o bem-estar e a produtividade de colaboradores e clientes. <\/p>","protected":false},"author":2,"featured_media":3398,"comment_status":"open","ping_status":"open","sticky":false,"template":"","format":"standard","meta":{"_acf_changed":false,"content-type":"","inline_featured_image":false,"_monsterinsights_skip_tracking":false,"_monsterinsights_sitenote_active":false,"_monsterinsights_sitenote_note":"","_monsterinsights_sitenote_category":0,"footnotes":""},"categories":[10,21],"tags":[],"class_list":["post-3397","post","type-post","status-publish","format-standard","has-post-thumbnail","hentry","category-ar-condicionado","category-qualidade-do-ar"],"acf":[],"yoast_head":"<!-- This site is optimized with the Yoast SEO plugin v26.4 - https:\/\/yoast.com\/wordpress\/plugins\/seo\/ -->\n<title>Qualidade do ar interno: Import\u00e2ncia, legisla\u00e7\u00e3o.<\/title>\n<meta name=\"description\" content=\"Garanta ambientes saud\u00e1veis e produtivos com a Diel. Descubra como melhorar a qualidade do ar interno, cumprir a legisla\u00e7\u00e3o e economizar.\" \/>\n<meta name=\"robots\" content=\"index, follow, max-snippet:-1, max-image-preview:large, max-video-preview:-1\" \/>\n<link rel=\"canonical\" href=\"https:\/\/dielenergia.com\/en\/qualidade-do-ar-interno\/\" \/>\n<meta property=\"og:locale\" content=\"en_US\" \/>\n<meta property=\"og:type\" content=\"article\" \/>\n<meta property=\"og:title\" content=\"Qualidade do ar interno: Import\u00e2ncia, legisla\u00e7\u00e3o.\" \/>\n<meta property=\"og:description\" content=\"Garanta ambientes saud\u00e1veis e produtivos com a Diel. Descubra como melhorar a qualidade do ar interno, cumprir a legisla\u00e7\u00e3o e economizar.\" \/>\n<meta property=\"og:url\" content=\"https:\/\/dielenergia.com\/en\/qualidade-do-ar-interno\/\" \/>\n<meta property=\"og:site_name\" content=\"Diel Energia\" \/>\n<meta property=\"article:published_time\" content=\"2024-12-10T19:24:43+00:00\" \/>\n<meta property=\"article:modified_time\" content=\"2024-12-13T12:21:21+00:00\" \/>\n<meta property=\"og:image\" content=\"https:\/\/dielenergia.com\/wp-content\/uploads\/2024\/12\/2148854875.jpg\" \/>\n\t<meta property=\"og:image:width\" content=\"2000\" \/>\n\t<meta property=\"og:image:height\" content=\"1274\" \/>\n\t<meta property=\"og:image:type\" content=\"image\/jpeg\" \/>\n<meta name=\"author\" content=\"mkt\" \/>\n<meta name=\"twitter:card\" content=\"summary_large_image\" \/>\n<meta name=\"twitter:label1\" content=\"Written by\" \/>\n\t<meta name=\"twitter:data1\" content=\"mkt\" \/>\n\t<meta name=\"twitter:label2\" content=\"Est. reading time\" \/>\n\t<meta name=\"twitter:data2\" content=\"4 minutes\" \/>\n<script type=\"application\/ld+json\" class=\"yoast-schema-graph\">{\"@context\":\"https:\/\/schema.org\",\"@graph\":[{\"@type\":\"Article\",\"@id\":\"https:\/\/dielenergia.com\/qualidade-do-ar-interno\/#article\",\"isPartOf\":{\"@id\":\"https:\/\/dielenergia.com\/qualidade-do-ar-interno\/\"},\"author\":{\"name\":\"mkt\",\"@id\":\"https:\/\/dielenergia.com\/#\/schema\/person\/a285d4155b06bdd3b122f9150165624c\"},\"headline\":\"Qualidade do ar interno: Import\u00e2ncia, legisla\u00e7\u00e3o e como a Diel pode ajudar\",\"datePublished\":\"2024-12-10T19:24:43+00:00\",\"dateModified\":\"2024-12-13T12:21:21+00:00\",\"mainEntityOfPage\":{\"@id\":\"https:\/\/dielenergia.com\/qualidade-do-ar-interno\/\"},\"wordCount\":658,\"commentCount\":0,\"publisher\":{\"@id\":\"https:\/\/dielenergia.com\/#organization\"},\"image\":{\"@id\":\"https:\/\/dielenergia.com\/qualidade-do-ar-interno\/#primaryimage\"},\"thumbnailUrl\":\"https:\/\/dielenergia.com\/wp-content\/uploads\/2024\/12\/2148854875.jpg\",\"articleSection\":[\"Ar-condicionado\",\"Qualidade do ar\"],\"inLanguage\":\"en-US\",\"potentialAction\":[{\"@type\":\"CommentAction\",\"name\":\"Comment\",\"target\":[\"https:\/\/dielenergia.com\/qualidade-do-ar-interno\/#respond\"]}]},{\"@type\":\"WebPage\",\"@id\":\"https:\/\/dielenergia.com\/qualidade-do-ar-interno\/\",\"url\":\"https:\/\/dielenergia.com\/qualidade-do-ar-interno\/\",\"name\":\"Qualidade do ar interno: Import\u00e2ncia, legisla\u00e7\u00e3o.\",\"isPartOf\":{\"@id\":\"https:\/\/dielenergia.com\/#website\"},\"primaryImageOfPage\":{\"@id\":\"https:\/\/dielenergia.com\/qualidade-do-ar-interno\/#primaryimage\"},\"image\":{\"@id\":\"https:\/\/dielenergia.com\/qualidade-do-ar-interno\/#primaryimage\"},\"thumbnailUrl\":\"https:\/\/dielenergia.com\/wp-content\/uploads\/2024\/12\/2148854875.jpg\",\"datePublished\":\"2024-12-10T19:24:43+00:00\",\"dateModified\":\"2024-12-13T12:21:21+00:00\",\"description\":\"Garanta ambientes saud\u00e1veis e produtivos com a Diel. Descubra como melhorar a qualidade do ar interno, cumprir a legisla\u00e7\u00e3o e economizar.\",\"breadcrumb\":{\"@id\":\"https:\/\/dielenergia.com\/qualidade-do-ar-interno\/#breadcrumb\"},\"inLanguage\":\"en-US\",\"potentialAction\":[{\"@type\":\"ReadAction\",\"target\":[\"https:\/\/dielenergia.com\/qualidade-do-ar-interno\/\"]}]},{\"@type\":\"ImageObject\",\"inLanguage\":\"en-US\",\"@id\":\"https:\/\/dielenergia.com\/qualidade-do-ar-interno\/#primaryimage\",\"url\":\"https:\/\/dielenergia.com\/wp-content\/uploads\/2024\/12\/2148854875.jpg\",\"contentUrl\":\"https:\/\/dielenergia.com\/wp-content\/uploads\/2024\/12\/2148854875.jpg\",\"width\":2000,\"height\":1274,\"caption\":\"Qualidade do ar\"},{\"@type\":\"BreadcrumbList\",\"@id\":\"https:\/\/dielenergia.com\/qualidade-do-ar-interno\/#breadcrumb\",\"itemListElement\":[{\"@type\":\"ListItem\",\"position\":1,\"name\":\"In\u00edcio\",\"item\":\"https:\/\/dielenergia.com\/\"},{\"@type\":\"ListItem\",\"position\":2,\"name\":\"Qualidade do ar interno: Import\u00e2ncia, legisla\u00e7\u00e3o e como a Diel pode ajudar\"}]},{\"@type\":\"WebSite\",\"@id\":\"https:\/\/dielenergia.com\/#website\",\"url\":\"https:\/\/dielenergia.com\/\",\"name\":\"Diel Energia\",\"description\":\"Gest\u00e3o inteligente de ar-condicionado\",\"publisher\":{\"@id\":\"https:\/\/dielenergia.com\/#organization\"},\"potentialAction\":[{\"@type\":\"SearchAction\",\"target\":{\"@type\":\"EntryPoint\",\"urlTemplate\":\"https:\/\/dielenergia.com\/?s={search_term_string}\"},\"query-input\":{\"@type\":\"PropertyValueSpecification\",\"valueRequired\":true,\"valueName\":\"search_term_string\"}}],\"inLanguage\":\"en-US\"},{\"@type\":\"Organization\",\"@id\":\"https:\/\/dielenergia.com\/#organization\",\"name\":\"Diel Energia\",\"url\":\"https:\/\/dielenergia.com\/\",\"logo\":{\"@type\":\"ImageObject\",\"inLanguage\":\"en-US\",\"@id\":\"https:\/\/dielenergia.com\/#\/schema\/logo\/image\/\",\"url\":\"https:\/\/dielenergia.com\/wp-content\/uploads\/2024\/09\/Diel-logo.png\",\"contentUrl\":\"https:\/\/dielenergia.com\/wp-content\/uploads\/2024\/09\/Diel-logo.png\",\"width\":183,\"height\":56,\"caption\":\"Diel Energia\"},\"image\":{\"@id\":\"https:\/\/dielenergia.com\/#\/schema\/logo\/image\/\"},\"sameAs\":[\"https:\/\/www.linkedin.com\/company\/dielenergia\/\"]},{\"@type\":\"Person\",\"@id\":\"https:\/\/dielenergia.com\/#\/schema\/person\/a285d4155b06bdd3b122f9150165624c\",\"name\":\"mkt\",\"image\":{\"@type\":\"ImageObject\",\"inLanguage\":\"en-US\",\"@id\":\"https:\/\/dielenergia.com\/#\/schema\/person\/image\/\",\"url\":\"https:\/\/secure.gravatar.com\/avatar\/891698c6d2abe99ea662d4c4945addf8a52446b11045d761938d822e8a409af1?s=96&d=mm&r=g\",\"contentUrl\":\"https:\/\/secure.gravatar.com\/avatar\/891698c6d2abe99ea662d4c4945addf8a52446b11045d761938d822e8a409af1?s=96&d=mm&r=g\",\"caption\":\"mkt\"},\"url\":\"https:\/\/dielenergia.com\/en\/author\/mkt\/\"}]}<\/script>\n<!-- \/ Yoast SEO plugin. -->","yoast_head_json":{"title":"Qualidade do ar interno: Import\u00e2ncia, legisla\u00e7\u00e3o.","description":"Garanta ambientes saud\u00e1veis e produtivos com a Diel. Descubra como melhorar a qualidade do ar interno, cumprir a legisla\u00e7\u00e3o e economizar.","robots":{"index":"index","follow":"follow","max-snippet":"max-snippet:-1","max-image-preview":"max-image-preview:large","max-video-preview":"max-video-preview:-1"},"canonical":"https:\/\/dielenergia.com\/en\/qualidade-do-ar-interno\/","og_locale":"en_US","og_type":"article","og_title":"Qualidade do ar interno: Import\u00e2ncia, legisla\u00e7\u00e3o.","og_description":"Garanta ambientes saud\u00e1veis e produtivos com a Diel. Descubra como melhorar a qualidade do ar interno, cumprir a legisla\u00e7\u00e3o e economizar.","og_url":"https:\/\/dielenergia.com\/en\/qualidade-do-ar-interno\/","og_site_name":"Diel Energia","article_published_time":"2024-12-10T19:24:43+00:00","article_modified_time":"2024-12-13T12:21:21+00:00","og_image":[{"width":2000,"height":1274,"url":"https:\/\/dielenergia.com\/wp-content\/uploads\/2024\/12\/2148854875.jpg","type":"image\/jpeg"}],"author":"mkt","twitter_card":"summary_large_image","twitter_misc":{"Written by":"mkt","Est. reading time":"4 minutes"},"schema":{"@context":"https:\/\/schema.org","@graph":[{"@type":"Article","@id":"https:\/\/dielenergia.com\/qualidade-do-ar-interno\/#article","isPartOf":{"@id":"https:\/\/dielenergia.com\/qualidade-do-ar-interno\/"},"author":{"name":"mkt","@id":"https:\/\/dielenergia.com\/#\/schema\/person\/a285d4155b06bdd3b122f9150165624c"},"headline":"Qualidade do ar interno: Import\u00e2ncia, legisla\u00e7\u00e3o e como a Diel pode ajudar","datePublished":"2024-12-10T19:24:43+00:00","dateModified":"2024-12-13T12:21:21+00:00","mainEntityOfPage":{"@id":"https:\/\/dielenergia.com\/qualidade-do-ar-interno\/"},"wordCount":658,"commentCount":0,"publisher":{"@id":"https:\/\/dielenergia.com\/#organization"},"image":{"@id":"https:\/\/dielenergia.com\/qualidade-do-ar-interno\/#primaryimage"},"thumbnailUrl":"https:\/\/dielenergia.com\/wp-content\/uploads\/2024\/12\/2148854875.jpg","articleSection":["Ar-condicionado","Qualidade do ar"],"inLanguage":"en-US","potentialAction":[{"@type":"CommentAction","name":"Comment","target":["https:\/\/dielenergia.com\/qualidade-do-ar-interno\/#respond"]}]},{"@type":"WebPage","@id":"https:\/\/dielenergia.com\/qualidade-do-ar-interno\/","url":"https:\/\/dielenergia.com\/qualidade-do-ar-interno\/","name":"Qualidade do ar interno: Import\u00e2ncia, legisla\u00e7\u00e3o.","isPartOf":{"@id":"https:\/\/dielenergia.com\/#website"},"primaryImageOfPage":{"@id":"https:\/\/dielenergia.com\/qualidade-do-ar-interno\/#primaryimage"},"image":{"@id":"https:\/\/dielenergia.com\/qualidade-do-ar-interno\/#primaryimage"},"thumbnailUrl":"https:\/\/dielenergia.com\/wp-content\/uploads\/2024\/12\/2148854875.jpg","datePublished":"2024-12-10T19:24:43+00:00","dateModified":"2024-12-13T12:21:21+00:00","description":"Garanta ambientes saud\u00e1veis e produtivos com a Diel. Descubra como melhorar a qualidade do ar interno, cumprir a legisla\u00e7\u00e3o e economizar.","breadcrumb":{"@id":"https:\/\/dielenergia.com\/qualidade-do-ar-interno\/#breadcrumb"},"inLanguage":"en-US","potentialAction":[{"@type":"ReadAction","target":["https:\/\/dielenergia.com\/qualidade-do-ar-interno\/"]}]},{"@type":"ImageObject","inLanguage":"en-US","@id":"https:\/\/dielenergia.com\/qualidade-do-ar-interno\/#primaryimage","url":"https:\/\/dielenergia.com\/wp-content\/uploads\/2024\/12\/2148854875.jpg","contentUrl":"https:\/\/dielenergia.com\/wp-content\/uploads\/2024\/12\/2148854875.jpg","width":2000,"height":1274,"caption":"Qualidade do ar"},{"@type":"BreadcrumbList","@id":"https:\/\/dielenergia.com\/qualidade-do-ar-interno\/#breadcrumb","itemListElement":[{"@type":"ListItem","position":1,"name":"In\u00edcio","item":"https:\/\/dielenergia.com\/"},{"@type":"ListItem","position":2,"name":"Qualidade do ar interno: Import\u00e2ncia, legisla\u00e7\u00e3o e como a Diel pode ajudar"}]},{"@type":"WebSite","@id":"https:\/\/dielenergia.com\/#website","url":"https:\/\/dielenergia.com\/","name":"Diel Energia","description":"Gest\u00e3o inteligente de ar-condicionado","publisher":{"@id":"https:\/\/dielenergia.com\/#organization"},"potentialAction":[{"@type":"SearchAction","target":{"@type":"EntryPoint","urlTemplate":"https:\/\/dielenergia.com\/?s={search_term_string}"},"query-input":{"@type":"PropertyValueSpecification","valueRequired":true,"valueName":"search_term_string"}}],"inLanguage":"en-US"},{"@type":"Organization","@id":"https:\/\/dielenergia.com\/#organization","name":"Diel Energia","url":"https:\/\/dielenergia.com\/","logo":{"@type":"ImageObject","inLanguage":"en-US","@id":"https:\/\/dielenergia.com\/#\/schema\/logo\/image\/","url":"https:\/\/dielenergia.com\/wp-content\/uploads\/2024\/09\/Diel-logo.png","contentUrl":"https:\/\/dielenergia.com\/wp-content\/uploads\/2024\/09\/Diel-logo.png","width":183,"height":56,"caption":"Diel Energia"},"image":{"@id":"https:\/\/dielenergia.com\/#\/schema\/logo\/image\/"},"sameAs":["https:\/\/www.linkedin.com\/company\/dielenergia\/"]},{"@type":"Person","@id":"https:\/\/dielenergia.com\/#\/schema\/person\/a285d4155b06bdd3b122f9150165624c","name":"mkt","image":{"@type":"ImageObject","inLanguage":"en-US","@id":"https:\/\/dielenergia.com\/#\/schema\/person\/image\/","url":"https:\/\/secure.gravatar.com\/avatar\/891698c6d2abe99ea662d4c4945addf8a52446b11045d761938d822e8a409af1?s=96&d=mm&r=g","contentUrl":"https:\/\/secure.gravatar.com\/avatar\/891698c6d2abe99ea662d4c4945addf8a52446b11045d761938d822e8a409af1?s=96&d=mm&r=g","caption":"mkt"},"url":"https:\/\/dielenergia.com\/en\/author\/mkt\/"}]}},"_links":{"self":[{"href":"https:\/\/dielenergia.com\/en\/wp-json\/wp\/v2\/posts\/3397","targetHints":{"allow":["GET"]}}],"collection":[{"href":"https:\/\/dielenergia.com\/en\/wp-json\/wp\/v2\/posts"}],"about":[{"href":"https:\/\/dielenergia.com\/en\/wp-json\/wp\/v2\/types\/post"}],"author":[{"embeddable":true,"href":"https:\/\/dielenergia.com\/en\/wp-json\/wp\/v2\/users\/2"}],"replies":[{"embeddable":true,"href":"https:\/\/dielenergia.com\/en\/wp-json\/wp\/v2\/comments?post=3397"}],"version-history":[{"count":3,"href":"https:\/\/dielenergia.com\/en\/wp-json\/wp\/v2\/posts\/3397\/revisions"}],"predecessor-version":[{"id":3701,"href":"https:\/\/dielenergia.com\/en\/wp-json\/wp\/v2\/posts\/3397\/revisions\/3701"}],"wp:featuredmedia":[{"embeddable":true,"href":"https:\/\/dielenergia.com\/en\/wp-json\/wp\/v2\/media\/3398"}],"wp:attachment":[{"href":"https:\/\/dielenergia.com\/en\/wp-json\/wp\/v2\/media?parent=3397"}],"wp:term":[{"taxonomy":"category","embeddable":true,"href":"https:\/\/dielenergia.com\/en\/wp-json\/wp\/v2\/categories?post=3397"},{"taxonomy":"post_tag","embeddable":true,"href":"https:\/\/dielenergia.com\/en\/wp-json\/wp\/v2\/tags?post=3397"}],"curies":[{"name":"wp","href":"https:\/\/api.w.org\/{rel}","templated":true}]}}